{"id":26668,"date":"2023-12-20T11:58:04","date_gmt":"2023-12-20T10:58:04","guid":{"rendered":"https:\/\/astiko.eus\/?p=26668"},"modified":"2023-12-20T11:58:04","modified_gmt":"2023-12-20T10:58:04","slug":"gautopa-de-navidad-de-astiko-el-22-de-diciembre","status":"publish","type":"post","link":"https:\/\/astiko.eus\/es\/gautopa-de-navidad-de-astiko-el-22-de-diciembre\/","title":{"rendered":"GauTOPA de Navidad de Astiko el 22 de diciembre"},"content":{"rendered":"<p>La Asociaci\u00f3n de comerciantes, hosteleros y servicios Astiko de Astigarraga ha organizado para el 22 de Diciembre el GauTOPA de Navidad. El objetivo es dar inicio a las fiestas navide\u00f1as y dar a conocer a Astiko Elkartea entre la poblaci\u00f3n de Astigarraga. Para ello se han organizado diversas actividades para la tarde del 22 de diciembre (de 18:00 a 20:00 horas). El evento se celebrar\u00e1 en la Plaza Kontxa Etxeberria (en el exterior del Centro Cultural Erribera) y Astiko Elkartea hace un llamamiento a toda la poblaci\u00f3n para que acuda a pasar una tarde festiva.<\/p>\n<p>Astiko Elkartea repartir\u00e1 chocolate y bizcochos, y a medida que avance la tarde tambi\u00e9n se repartir\u00e1 txistorra. Se instalar\u00e1 un gran buz\u00f3n para recoger la carta de Olentzero y Mari Domingi, y se sortear\u00e1n tres lotes de regalos de productos en euskera al final de la fiesta entre los ni\u00f1os y las ni\u00f1as que echen all\u00ed su carta.<\/p>\n<p>Tambi\u00e9n se ha organizado un taller de tatuajes y postales navide\u00f1as, as\u00ed como un estudio fotogr\u00e1fico navide\u00f1o. Astiko Elkartea anima a los y las astigartarras a que vengan vestidos y vestidas de baserritarras para fotografiarse en dicho estudio. Todo ello estar\u00e1 amenizado por el grupo de m\u00fasica de Astigarraga \u00ab3ttu erromeya\u00bb.<\/p>\n<p>Adem\u00e1s de esta acci\u00f3n, Astiko Elkartea organizar\u00e1 un sorteo en su cuenta de Instragram en Navidad, y el premio ser\u00e1 una cesta navide\u00f1a valorada en 100 euros.<br \/>\nPor \u00faltimo, Astiko Elkartea agradece a los vecinos y las vecinas que han consumido durante todo el a\u00f1o en los comercios y bares de la localidad y anima a seguir consumiendo en Astigarraga tambi\u00e9n durante las fiestas navide\u00f1as.<\/p>\n","protected":false},"excerpt":{"rendered":"<p>La Asociaci\u00f3n de comerciantes, hosteleros y servicios Astiko de Astigarraga ha organizado para el 22 de Diciembre el GauTOPA de Navidad. El objetivo es dar inicio a las fiestas navide\u00f1as y dar a conocer a Astiko Elkartea entre la poblaci\u00f3n de Astigarraga. Para ello se han organizado diversas actividades para la tarde del 22 de&#8230;<\/p>\n","protected":false},"author":937,"featured_media":26669,"comment_status":"open","ping_status":"closed","sticky":false,"template":"","format":"standard","meta":{"_acf_changed":false,"footnotes":""},"categories":[22],"tags":[],"class_list":["post-26668","post","type-post","status-publish","format-standard","has-post-thumbnail","hentry","category-sin-categorizar"],"acf":[],"_links":{"self":[{"href":"https:\/\/astiko.eus\/es\/wp-json\/wp\/v2\/posts\/26668","targetHints":{"allow":["GET"]}}],"collection":[{"href":"https:\/\/astiko.eus\/es\/wp-json\/wp\/v2\/posts"}],"about":[{"href":"https:\/\/astiko.eus\/es\/wp-json\/wp\/v2\/types\/post"}],"author":[{"embeddable":true,"href":"https:\/\/astiko.eus\/es\/wp-json\/wp\/v2\/users\/937"}],"replies":[{"embeddable":true,"href":"https:\/\/astiko.eus\/es\/wp-json\/wp\/v2\/comments?post=26668"}],"version-history":[{"count":1,"href":"https:\/\/astiko.eus\/es\/wp-json\/wp\/v2\/posts\/26668\/revisions"}],"predecessor-version":[{"id":26671,"href":"https:\/\/astiko.eus\/es\/wp-json\/wp\/v2\/posts\/26668\/revisions\/26671"}],"wp:featuredmedia":[{"embeddable":true,"href":"https:\/\/astiko.eus\/es\/wp-json\/wp\/v2\/media\/26669"}],"wp:attachment":[{"href":"https:\/\/astiko.eus\/es\/wp-json\/wp\/v2\/media?parent=26668"}],"wp:term":[{"taxonomy":"category","embeddable":true,"href":"https:\/\/astiko.eus\/es\/wp-json\/wp\/v2\/categories?post=26668"},{"taxonomy":"post_tag","embeddable":true,"href":"https:\/\/astiko.eus\/es\/wp-json\/wp\/v2\/tags?post=26668"}],"curies":[{"name":"wp","href":"https:\/\/api.w.org\/{rel}","templated":true}]}}