{"id":22901,"date":"2023-04-26T12:08:58","date_gmt":"2023-04-26T12:08:58","guid":{"rendered":"https:\/\/astiko.eus\/?p=22901"},"modified":"2023-06-07T16:27:30","modified_gmt":"2023-06-07T16:27:30","slug":"amalei-estetika-zentroa","status":"publish","type":"post","link":"https:\/\/astiko.eus\/es\/amalei-estetika-zentroa\/","title":{"rendered":"Amalei Estetika Zentroa"},"content":{"rendered":"<div id=\"us_grid_1\" class=\"w-grid dendak type_grid layout_12289 cols_3 overflow_hidden\">\n<article class=\"w-grid-item size_1x hentry\">\n<div class=\"w-grid-item-h\">\n<p><img decoding=\"async\" class=\"attachment-us_300_300_crop size-us_300_300_crop wp-post-image\" src=\"https:\/\/astiko.eus\/wp-content\/uploads\/2023\/04\/amalei.jpg\" alt=\"Amalei Estetika Zentroa\" width=\"300px\" \/><\/p>\n<\/div>\n<div class=\"w-grid-item-h\">\n<h3><b>Datos de contacto<\/b><\/h3>\n<ul>\n<li>Direcci\u00f3n: Kale Nagusia 5, behea. 20115 Astigarraga<\/li>\n<li>Tel\u00e9fono: 943 333 613<\/li>\n<li>Correo electr\u00f3nico: amalei1981[arroba]gmail.com<\/li>\n<li>Horario: Lunes y mi\u00e9rcoles: 09:30-15:00. Martes, jueves y viernes: 09:30-13:00\/15:30-19:00. S\u00e1bados: 09:00-13:00.<\/li>\n<li>Instagram: <a href=\"https:\/\/www.instagram.com\/amalei_estetika_zentroa\/\"> @amalei_estetika_zentroa<\/a><\/li>\n<li>Facebook: <a href=\"https:\/\/www.facebook.com\/AmaleiEstetika\/\"> @AmaleiEstetika<\/a><\/li>\n<\/ul>\n<p>&nbsp;<\/p>\n<\/div>\n<\/article>\n<\/div>\n<div><\/div>\n<div id=\"us_grid_1\" class=\"w-grid dendak type_grid layout_12289 cols_3 overflow_hidden\">\n<p><img loading=\"lazy\" decoding=\"async\" class=\"alignnone wp-image-22878 size-full\" src=\"https:\/\/astiko.eus\/wp-content\/uploads\/2023\/04\/003.jpg\" alt=\"Amalei Estetika Zentroa\" width=\"719\" height=\"480\" srcset=\"https:\/\/astiko.eus\/wp-content\/uploads\/2023\/04\/003.jpg 719w, https:\/\/astiko.eus\/wp-content\/uploads\/2023\/04\/003-300x200.jpg 300w, https:\/\/astiko.eus\/wp-content\/uploads\/2023\/04\/003-600x401.jpg 600w, https:\/\/astiko.eus\/wp-content\/uploads\/2023\/04\/003-100x67.jpg 100w\" sizes=\"auto, (max-width: 719px) 100vw, 719px\" \/><\/p>\n<article>\n<div><\/div>\n<div>\n<h3>Amalei Estetika Zentroa<\/h3>\n<p class=\"p1\" style=\"padding-left: 40px;\"><em>\u00bb <\/em>Soy Amaia, la encargada de<span class=\"Apple-converted-space\">\u00a0<\/span>Amalei Estetika Zentroa. En 2005 abrimos el Centro de Estetica en Astigarraga. Aunque llevaba muy poco tiempo en la profesi\u00f3n de Est\u00e9tica, mi pareja eligi\u00f3 el lugar y se encarg\u00f3 de toda la reforma<span class=\"Apple-converted-space\">\u00a0 <\/span>para yo ponerlo en marcha. Con 23 a\u00f1os inici\u00e9 este proyecto nuevo con mucha ilusi\u00f3n ( y miedo hay que decirlo) para que todo saliera bien.<\/p>\n<p class=\"p1\" style=\"padding-left: 40px;\">Por suerte sigo trabajando en la profesi\u00f3n que me apasiona. \u00a1Gracias por estar a mi lado!<em>\u00ab<\/em><\/p>\n<p>&nbsp;<\/p>\n<\/div>\n<\/article>\n<p><img loading=\"lazy\" decoding=\"async\" class=\"alignnone wp-image-22876 size-full\" src=\"https:\/\/astiko.eus\/wp-content\/uploads\/2023\/04\/002.jpg\" alt=\"Amalei Estetika Zentroa\" width=\"719\" height=\"480\" \/><\/p>\n<article>\n<h3>Historia de Amalei Estetika Zentroa<\/h3>\n<p class=\"p1\"><span class=\"s1\">Durante 20 a\u00f1os trabajo en lo que me apasiona. Hace 18 a\u00f1os que abrimos mi propio Centro de est\u00e9tica en Astigarraga. El maquillaje es mi especialidad, es lo que mas me gusta. (\u00a1Las clientas dicen que tengo buenas manos! \u00a1Jeje!).<\/span><\/p>\n<p>&nbsp;<\/p>\n<\/article>\n<p><img loading=\"lazy\" decoding=\"async\" class=\"alignnone wp-image-22888 size-full\" src=\"https:\/\/astiko.eus\/wp-content\/uploads\/2023\/04\/008.jpg\" alt=\"Amalei Estetika Zentroa\" width=\"719\" height=\"480\" srcset=\"https:\/\/astiko.eus\/wp-content\/uploads\/2023\/04\/008.jpg 719w, https:\/\/astiko.eus\/wp-content\/uploads\/2023\/04\/008-300x200.jpg 300w, https:\/\/astiko.eus\/wp-content\/uploads\/2023\/04\/008-600x401.jpg 600w, https:\/\/astiko.eus\/wp-content\/uploads\/2023\/04\/008-100x67.jpg 100w\" sizes=\"auto, (max-width: 719px) 100vw, 719px\" \/><\/p>\n<article>\n<div><\/div>\n<h3>Servicios<\/h3>\n<ul>\n<li class=\"p1\"><span class=\"s1\">Asesoramiento y venta de cosm\u00e9ticos y productos de maquillaje.<\/span><\/li>\n<li class=\"p1\"><span class=\"s1\">Maquillajes y cursos de maquillajes individuales o grupales.<\/span><\/li>\n<li class=\"p1\"><span class=\"s1\">Diagnostico de la piel.<\/span><\/li>\n<li class=\"p1\"><span class=\"s1\">Tratamientos faciales.<\/span><\/li>\n<li class=\"p1\"><span class=\"s1\">Tratamientos Corporales.<\/span><\/li>\n<li class=\"p1\"><span class=\"s1\">Depilaci\u00f3n con cera tibia y deshechable.<\/span><\/li>\n<li class=\"p1\"><span class=\"s1\">Depilaci\u00f3n permanente (L\u00e1ser).<\/span><\/li>\n<li class=\"p1\"><span class=\"s1\">Drenaje linf\u00e1tico manual y masajes relajantes.<\/span><\/li>\n<li class=\"p1\"><span class=\"s1\">\u00a0Manicura y pedicura.<\/span><\/li>\n<li class=\"p1\"><span class=\"s1\">Micropigmentaci\u00f3n.<\/span><\/li>\n<\/ul>\n<h4><span class=\"interactive\">\u00a1Gracias<\/span>\u00a0<span class=\"interactive\">Amaia,<\/span>\u00a0<span class=\"interactive\">por<\/span>\u00a0<span class=\"interactive\">compartir<\/span>\u00a0<span class=\"interactive\">la<\/span>\u00a0<span class=\"interactive\">historia<\/span>\u00a0<span class=\"interactive\">de<\/span>\u00a0<span class=\"interactive\">tu<\/span>\u00a0<span class=\"interactive\">trabajo<\/span><span class=\"interactive\">!<\/span><\/h4>\n<div><img loading=\"lazy\" decoding=\"async\" class=\"alignnone wp-image-22882 size-full\" src=\"https:\/\/astiko.eus\/wp-content\/uploads\/2023\/04\/005.jpg\" alt=\"Amalei Estetika Zentroa\" width=\"719\" height=\"480\" srcset=\"https:\/\/astiko.eus\/wp-content\/uploads\/2023\/04\/005.jpg 719w, https:\/\/astiko.eus\/wp-content\/uploads\/2023\/04\/005-300x200.jpg 300w, https:\/\/astiko.eus\/wp-content\/uploads\/2023\/04\/005-600x401.jpg 600w, https:\/\/astiko.eus\/wp-content\/uploads\/2023\/04\/005-100x67.jpg 100w\" sizes=\"auto, (max-width: 719px) 100vw, 719px\" \/><\/div>\n<div><\/div>\n<div><img loading=\"lazy\" decoding=\"async\" class=\"alignnone wp-image-22884 size-full\" src=\"https:\/\/astiko.eus\/wp-content\/uploads\/2023\/04\/006.jpg\" alt=\"Amalei Estetika Zentroa\" width=\"719\" height=\"480\" srcset=\"https:\/\/astiko.eus\/wp-content\/uploads\/2023\/04\/006.jpg 719w, https:\/\/astiko.eus\/wp-content\/uploads\/2023\/04\/006-300x200.jpg 300w, https:\/\/astiko.eus\/wp-content\/uploads\/2023\/04\/006-600x401.jpg 600w, https:\/\/astiko.eus\/wp-content\/uploads\/2023\/04\/006-100x67.jpg 100w\" sizes=\"auto, (max-width: 719px) 100vw, 719px\" \/><\/div>\n<div><\/div>\n<div>\n<figure id=\"attachment_22886\" aria-describedby=\"caption-attachment-22886\" style=\"width: 719px\" class=\"wp-caption alignnone\"><img loading=\"lazy\" decoding=\"async\" class=\"wp-image-22886 size-full\" src=\"https:\/\/astiko.eus\/wp-content\/uploads\/2023\/04\/007.jpg\" alt=\"Amalei Estetika Zentroa\" width=\"719\" height=\"480\" srcset=\"https:\/\/astiko.eus\/wp-content\/uploads\/2023\/04\/007.jpg 719w, https:\/\/astiko.eus\/wp-content\/uploads\/2023\/04\/007-300x200.jpg 300w, https:\/\/astiko.eus\/wp-content\/uploads\/2023\/04\/007-600x401.jpg 600w, https:\/\/astiko.eus\/wp-content\/uploads\/2023\/04\/007-100x67.jpg 100w\" sizes=\"auto, (max-width: 719px) 100vw, 719px\" \/><figcaption id=\"caption-attachment-22886\" class=\"wp-caption-text\">Amalei Estetika Zentroa<\/figcaption><\/figure>\n<\/div>\n<\/article>\n<\/div>\n","protected":false},"excerpt":{"rendered":"<p>Datos de contacto Direcci\u00f3n: Kale Nagusia 5, behea. 20115 Astigarraga Tel\u00e9fono: 943 333 613 Correo electr\u00f3nico: amalei1981[arroba]gmail.com Horario: Lunes y mi\u00e9rcoles: 09:30-15:00. Martes, jueves y viernes: 09:30-13:00\/15:30-19:00. S\u00e1bados: 09:00-13:00. Instagram: @amalei_estetika_zentroa Facebook: @AmaleiEstetika &nbsp; Amalei Estetika Zentroa \u00bb Soy Amaia, la encargada de\u00a0Amalei Estetika Zentroa. En 2005 abrimos el Centro de Estetica en Astigarraga. Aunque&#8230;<\/p>\n","protected":false},"author":937,"featured_media":22875,"comment_status":"open","ping_status":"closed","sticky":false,"template":"","format":"standard","meta":{"_acf_changed":false,"footnotes":""},"categories":[195,161],"tags":[],"class_list":["post-22901","post","type-post","status-publish","format-standard","has-post-thumbnail","hentry","category-2023-2","category-astiko-es"],"acf":[],"_links":{"self":[{"href":"https:\/\/astiko.eus\/es\/wp-json\/wp\/v2\/posts\/22901","targetHints":{"allow":["GET"]}}],"collection":[{"href":"https:\/\/astiko.eus\/es\/wp-json\/wp\/v2\/posts"}],"about":[{"href":"https:\/\/astiko.eus\/es\/wp-json\/wp\/v2\/types\/post"}],"author":[{"embeddable":true,"href":"https:\/\/astiko.eus\/es\/wp-json\/wp\/v2\/users\/937"}],"replies":[{"embeddable":true,"href":"https:\/\/astiko.eus\/es\/wp-json\/wp\/v2\/comments?post=22901"}],"version-history":[{"count":7,"href":"https:\/\/astiko.eus\/es\/wp-json\/wp\/v2\/posts\/22901\/revisions"}],"predecessor-version":[{"id":22912,"href":"https:\/\/astiko.eus\/es\/wp-json\/wp\/v2\/posts\/22901\/revisions\/22912"}],"wp:featuredmedia":[{"embeddable":true,"href":"https:\/\/astiko.eus\/es\/wp-json\/wp\/v2\/media\/22875"}],"wp:attachment":[{"href":"https:\/\/astiko.eus\/es\/wp-json\/wp\/v2\/media?parent=22901"}],"wp:term":[{"taxonomy":"category","embeddable":true,"href":"https:\/\/astiko.eus\/es\/wp-json\/wp\/v2\/categories?post=22901"},{"taxonomy":"post_tag","embeddable":true,"href":"https:\/\/astiko.eus\/es\/wp-json\/wp\/v2\/tags?post=22901"}],"curies":[{"name":"wp","href":"https:\/\/api.w.org\/{rel}","templated":true}]}}