{"id":22616,"date":"2022-12-20T11:44:30","date_gmt":"2022-12-20T11:44:30","guid":{"rendered":"https:\/\/astiko.eus\/?p=22616"},"modified":"2023-03-07T11:45:55","modified_gmt":"2023-03-07T11:45:55","slug":"astiko-premiara-consumo-astigarraga","status":"publish","type":"post","link":"https:\/\/astiko.eus\/es\/astiko-premiara-consumo-astigarraga\/","title":{"rendered":"Astiko premiar\u00e1 estas Navidades a quienes consuman en Astigarraga"},"content":{"rendered":"<ul>\n<li class=\"li1\"><span class=\"s2\"><b>A partir del 20 de diciembre los comercios de la localidad repartir\u00e1n los boletos para participar en el sorteo<\/b><\/span><\/li>\n<li class=\"li1\"><span class=\"s2\"><b>Adem\u00e1s, del 28 al 30 de diciembre Astiko instalar\u00e1 el parque infantil de Navidad<\/b><\/span><\/li>\n<\/ul>\n<p class=\"p1\"><span class=\"s1\">Otro a\u00f1o m\u00e1s, la asociaci\u00f3n Astiko quiere poner su granito de arena para alegrar las Navidades de los y las astigartarras. Como es habitual, la asociaci\u00f3n ha organizado dos actividades: un sorteo, para premiar a aquellos que consumen en la localidad, y un parque infantil de Navidad, para el disfrute de los m\u00e1s peque\u00f1os de la casa. Ambas iniciativas est\u00e1n subvencionadas tanto por el Ayuntamiento de Astigarraga como por el departamento de Comercio, Turismo y Consumo del Gobierno Vasco.<\/span><\/p>\n<p class=\"p1\"><span class=\"s1\"><b>Un sorteo por establecimiento<\/b><\/span><\/p>\n<p class=\"p1\"><span class=\"s1\">El sorteo de Navidad de Astiko dar\u00e1 comienzo el 20 de diciembre. En esta ocasi\u00f3n se har\u00e1 un sorteo por establecimiento y en cada uno de ellos se repartir\u00e1n varios premios: cestas de Navidad, productos del propio establecimiento, vales de compra\u2026 \u00a1de todo!<\/span><\/p>\n<p class=\"p1\"><span class=\"s1\">Para participar en el sorteo, las tiendas, bares y servicios de la localidad repartir\u00e1n boletos a cambio de consumiciones, y la clientela sabr\u00e1 al instante si se lleva o no el premio.<\/span><\/p>\n<p class=\"p1\"><span class=\"s1\"><b>Parque infantil de Navidad<\/b><\/span><\/p>\n<p class=\"p1\"><span class=\"s1\">Adem\u00e1s, los d\u00edas 28, 29 y 30 de diciembre se instalar\u00e1 el parque infantil de Navidad dirigido al p\u00fablico infantil de Astigarraga (horario: de 11:00 a 14:00 y de 17:00 a 20:00). Como en anteriores ocasiones, habr\u00e1 tres zonas: una en plaza Kontxa Etxeberria; la segunda en la plaza Norberto Almandoz, y la tercera en la plaza Joseba Barandiaran. La entrada ser\u00e1 gratuita gracias a los establecimientos de la asociaci\u00f3n Astiko.<\/span><\/p>\n","protected":false},"excerpt":{"rendered":"<p>A partir del 20 de diciembre los comercios de la localidad repartir\u00e1n los boletos para participar en el sorteo Adem\u00e1s, del 28 al 30 de diciembre Astiko instalar\u00e1 el parque infantil de Navidad Otro a\u00f1o m\u00e1s, la asociaci\u00f3n Astiko quiere poner su granito de arena para alegrar las Navidades de los y las astigartarras. Como&#8230;<\/p>\n","protected":false},"author":937,"featured_media":22614,"comment_status":"open","ping_status":"closed","sticky":false,"template":"","format":"standard","meta":{"_acf_changed":false,"footnotes":""},"categories":[161],"tags":[192],"class_list":["post-22616","post","type-post","status-publish","format-standard","has-post-thumbnail","hentry","category-astiko-es","tag-gabonetak-es"],"acf":[],"_links":{"self":[{"href":"https:\/\/astiko.eus\/es\/wp-json\/wp\/v2\/posts\/22616","targetHints":{"allow":["GET"]}}],"collection":[{"href":"https:\/\/astiko.eus\/es\/wp-json\/wp\/v2\/posts"}],"about":[{"href":"https:\/\/astiko.eus\/es\/wp-json\/wp\/v2\/types\/post"}],"author":[{"embeddable":true,"href":"https:\/\/astiko.eus\/es\/wp-json\/wp\/v2\/users\/937"}],"replies":[{"embeddable":true,"href":"https:\/\/astiko.eus\/es\/wp-json\/wp\/v2\/comments?post=22616"}],"version-history":[{"count":1,"href":"https:\/\/astiko.eus\/es\/wp-json\/wp\/v2\/posts\/22616\/revisions"}],"predecessor-version":[{"id":22678,"href":"https:\/\/astiko.eus\/es\/wp-json\/wp\/v2\/posts\/22616\/revisions\/22678"}],"wp:featuredmedia":[{"embeddable":true,"href":"https:\/\/astiko.eus\/es\/wp-json\/wp\/v2\/media\/22614"}],"wp:attachment":[{"href":"https:\/\/astiko.eus\/es\/wp-json\/wp\/v2\/media?parent=22616"}],"wp:term":[{"taxonomy":"category","embeddable":true,"href":"https:\/\/astiko.eus\/es\/wp-json\/wp\/v2\/categories?post=22616"},{"taxonomy":"post_tag","embeddable":true,"href":"https:\/\/astiko.eus\/es\/wp-json\/wp\/v2\/tags?post=22616"}],"curies":[{"name":"wp","href":"https:\/\/api.w.org\/{rel}","templated":true}]}}