{"id":16494,"date":"2022-03-17T15:12:45","date_gmt":"2022-03-17T15:12:45","guid":{"rendered":"https:\/\/astiko.eus\/?p=16494"},"modified":"2022-03-17T15:59:12","modified_gmt":"2022-03-17T15:59:12","slug":"astiko-elkartea-un-poco-de-historia","status":"publish","type":"post","link":"https:\/\/astiko.eus\/es\/astiko-elkartea-un-poco-de-historia\/","title":{"rendered":"Astiko Elkartea, un poco de historia"},"content":{"rendered":"<h3><strong>2008 &#8211; creaci\u00f3n de Astiko Elkartea<\/strong><\/h3>\n<p>Para la creaci\u00f3n de <strong>Astiko Elkartea<\/strong> habr\u00eda que remontarse al 5 de mayo de 2008, donde por iniciativa de los <strong>comerciantes, hosteleros y servicios de Astigarraga<\/strong>, surge esta asociaci\u00f3n formada por <strong>establecimientos locales del pueblo.\u00a0<\/strong><\/p>\n<h3>Constituci\u00f3n y objetivos de la asociaci\u00f3n<\/h3>\n<p>Desde su constituci\u00f3n, los <strong>fines de la asociaci\u00f3n<\/strong> han sido los siguientes:<\/p>\n<ul>\n<li>La <strong>representaci\u00f3n, gesti\u00f3n, defensa y promoci\u00f3n de los intereses econ\u00f3micos, profesionales, sociales y culturales<\/strong> de sus establecimientos asociados.<\/li>\n<li>Programar las acciones necesarias para conseguir <strong>mejoras sociales y econ\u00f3micas para sus asociadas y asociados.<\/strong><\/li>\n<li>Organizar constantemente <strong>labor formativa y de promoci\u00f3n cultural<\/strong> de sus asociadas y asociados.<\/li>\n<li>Mediar con los organismos y autoridades pertinentes para la <strong>obtenci\u00f3n de mejoras del entorno.<\/strong><\/li>\n<li>Organizar actos y campa\u00f1as para la<strong> promoci\u00f3n de sus establecimientos asociados.<\/strong><\/li>\n<\/ul>\n<h3>2014 &#8211; An\u00e1lisis de situaci\u00f3n<\/h3>\n<p>En 2014, se detect\u00f3 la necesidad de elaborar un plan de acci\u00f3n con el objetivo de <strong>revitalizar Astiko Elkartea.<\/strong><\/p>\n<h3>2015 &#8211; 2019 Plan Especial de Dinamizaci\u00f3n Comercial (PERCO)<\/h3>\n<p>Se elabor\u00f3 \u200b\u200bun Plan Especial de Dinamizaci\u00f3n Comercial (MBPB o PERCO) a petici\u00f3n del Ayuntamiento de Astigarraga. Este trabajo incluy\u00f3 un plan de acci\u00f3n para 2015-2019, en el que se identific\u00f3, entre otras cosas, la necesidad de revitalizar <strong>Astiko Elkartea.<\/strong><\/p>\n<p>En respuesta, el Ayuntamiento y la propia Asociaci\u00f3n solicitaron la revitalizaci\u00f3n de la asociaci\u00f3n.<\/p>\n<p>Los datos de afiliaci\u00f3n son un reflejo de la trayectoria de la Asociaci\u00f3n desde entonces. En 2015 hab\u00eda unos 15 establecimientos en la localidad que eran miembros de <strong>Astiko Elkartea<\/strong>, y en 2021 hab\u00eda m\u00e1s de 40 asociados.<\/p>\n<h3>2021 &#8211; Nueva imagen<\/h3>\n<p><strong>Astiko Elkartea <\/strong>ha aprovechado el nuevo contexto de crecimiento que vive Astigarraga, para<strong> renovar su imagen<\/strong>, y de paso, crear su <strong>nueva p\u00e1gina web<\/strong>: <a href=\"http:\/\/www.astiko.eus\">www.astiko.eus<\/a> . Todo este trabajo se ha realizado en colaboraci\u00f3n con el<strong> Ayuntamiento de Astigarraga.<\/strong><\/p>\n<h3>Un gui\u00f1o a la trayectoria de Astiko Elkartea<\/h3>\n<p>La nueva imagen de <strong>Astiko Elkartea<\/strong> no ha partido de cero, se ha dise\u00f1ado y actualizado en base a la anterior: \u00ab<strong>hemos querido hacer un gui\u00f1o a la imagen anterior y por lo tanto a la trayectoria de Astiko<\/strong>\u00bb, explica el representante de la asociaci\u00f3n. En concreto, las tres ramas de la asociaci\u00f3n \u2013<strong>comercio, hosteler\u00eda y servicios<\/strong>\u2013 tienen presencia a trav\u00e9s de tres colores. Para modernizar la imagen, los colores han sufrido un peque\u00f1o cambio, son m\u00e1s saturados y la forma del logotipo tambi\u00e9n se ha simplificado.<\/p>\n<h3>Sitio web, un escaparate de los establecimientos de Astiko Elkartea<\/h3>\n<p>Con la renovaci\u00f3n de la <strong>imagen corporativa<\/strong> se ha creado la primera p\u00e1gina web de Astiko Elkartea: www.astiko.eus.Adem\u00e1s de informar de la actividad de la asociaci\u00f3n, la web pretende ser el <strong>escaparate de los establecimientos de Astiko Elkartea.<\/strong> Cada establecimiento tiene una p\u00e1gina propia en la que las y los astigartarras tienen a su disposici\u00f3n informaci\u00f3n b\u00e1sica de cada establecimiento como <strong>horario, mapa de ubicaci\u00f3n, datos de contacto, etc.<\/strong><\/p>\n<h3>Asociados y sectores de Astiko Elkartea<\/h3>\n<p>A d\u00eda de hoy, los principales sectores a los que pertenecen los asociados de <strong>Astiko Elkartea<\/strong> son:<br \/>\n<strong>\u00d3ptica, Odontolog\u00eda, Consultor\u00edas, Alimentaci\u00f3n, Herborister\u00eda, Farmacia, Papeler\u00eda, Hosteler\u00eda, Asesor\u00eda, Seguros, Peluquer\u00eda, Fotograf\u00eda, Publicidad, y Maquinaria de enolog\u00eda.<\/strong><br \/>\nAstiko Elkartea tambi\u00e9n se encarga de organizar diversas iniciativas y actividades para animar al pueblo durante todo el a\u00f1o. Entre ellas, actividades de sensibilizaci\u00f3n, parque infantil navide\u00f1o, sorteos, etc.<\/p>\n<h3>Retos para el futuro.<\/h3>\n<p>A d\u00eda de hoy se sigue manteniendo el <strong>esp\u00edritu con el que la Asociaci\u00f3n fue creada<\/strong> y se tienen identificados como <strong>retos para el futuro<\/strong>:<\/p>\n<ul>\n<li>Continuar defendiendo los intereses comunes del sector. Entre otras cosas, actuar como mediador ante el Ayuntamiento.<\/li>\n<li>Ampliar la oferta de Astigarraga, especialmente para el comercio.<\/li>\n<li>Promoci\u00f3n del consumo local.<\/li>\n<li>Digitalizaci\u00f3n del comercio de Astigarraga<\/li>\n<\/ul>\n","protected":false},"excerpt":{"rendered":"<p>2008 &#8211; creaci\u00f3n de Astiko Elkartea Para la creaci\u00f3n de Astiko Elkartea habr\u00eda que remontarse al 5 de mayo de 2008, donde por iniciativa de los comerciantes, hosteleros y servicios de Astigarraga, surge esta asociaci\u00f3n formada por establecimientos locales del pueblo.\u00a0 Constituci\u00f3n y objetivos de la asociaci\u00f3n Desde su constituci\u00f3n, los fines de la asociaci\u00f3n&#8230;<\/p>\n","protected":false},"author":937,"featured_media":16523,"comment_status":"open","ping_status":"closed","sticky":false,"template":"","format":"standard","meta":{"_acf_changed":false,"footnotes":""},"categories":[161],"tags":[],"class_list":["post-16494","post","type-post","status-publish","format-standard","has-post-thumbnail","hentry","category-astiko-es"],"acf":[],"_links":{"self":[{"href":"https:\/\/astiko.eus\/es\/wp-json\/wp\/v2\/posts\/16494","targetHints":{"allow":["GET"]}}],"collection":[{"href":"https:\/\/astiko.eus\/es\/wp-json\/wp\/v2\/posts"}],"about":[{"href":"https:\/\/astiko.eus\/es\/wp-json\/wp\/v2\/types\/post"}],"author":[{"embeddable":true,"href":"https:\/\/astiko.eus\/es\/wp-json\/wp\/v2\/users\/937"}],"replies":[{"embeddable":true,"href":"https:\/\/astiko.eus\/es\/wp-json\/wp\/v2\/comments?post=16494"}],"version-history":[{"count":14,"href":"https:\/\/astiko.eus\/es\/wp-json\/wp\/v2\/posts\/16494\/revisions"}],"predecessor-version":[{"id":16527,"href":"https:\/\/astiko.eus\/es\/wp-json\/wp\/v2\/posts\/16494\/revisions\/16527"}],"wp:featuredmedia":[{"embeddable":true,"href":"https:\/\/astiko.eus\/es\/wp-json\/wp\/v2\/media\/16523"}],"wp:attachment":[{"href":"https:\/\/astiko.eus\/es\/wp-json\/wp\/v2\/media?parent=16494"}],"wp:term":[{"taxonomy":"category","embeddable":true,"href":"https:\/\/astiko.eus\/es\/wp-json\/wp\/v2\/categories?post=16494"},{"taxonomy":"post_tag","embeddable":true,"href":"https:\/\/astiko.eus\/es\/wp-json\/wp\/v2\/tags?post=16494"}],"curies":[{"name":"wp","href":"https:\/\/api.w.org\/{rel}","templated":true}]}}